{"id":1145,"date":"2012-12-12T21:52:50","date_gmt":"2012-12-12T20:52:50","guid":{"rendered":"https:\/\/stmacairestandre.entransition.fr\/?p=1145"},"modified":"2012-12-12T21:52:50","modified_gmt":"2012-12-12T20:52:50","slug":"cr-groupe-alimentation-sante-lieu-alternatif-du-29112012","status":"publish","type":"post","link":"https:\/\/stmacairestandre.entransition.fr\/?p=1145","title":{"rendered":"CR groupe Alimentation-Sant\u00e9-Lieu alternatif du 29\/11\/2012"},"content":{"rendered":"<p>Nous \u00e9tions 8 du Groupe \u00ab\u00a0Alimentation-Sant\u00e9-Lieu alternatif\u00a0\u00bb \u00e0 nous r\u00e9unir le 29\/11\/12.<\/p>\n<p>D\u00e9cisions prises:<br \/>\n1)  rencontrer le CPIE d\u00e9but janvier pour b\u00e9n\u00e9ficier de conseils, voire  d&rsquo;accompagnement dans la construction de notre projet de \u00ab\u00a0jardin partag\u00e9  p\u00e9dagogique\u00a0\u00bb adapt\u00e9 \u00e0 nos deux communes (C\u00e9dric les contacte).<br \/>\n2) participer \u00e0 l&rsquo;A.G. de l&rsquo;association Prim Vert \u00e0 Cholet (Michel et Micka\u00ebl) pour cr\u00e9er un partenariat local utile aux deux \u00ab\u00a0assos\u00a0\u00bb.<\/p>\n<p>Prochaine rencontre du collectif : <span style=\"text-decoration: underline;\"><strong>Jeudi 24 janvier \u00e0 20h<\/strong><\/span> chez Michel \u00e0 St Andr\u00e9<\/p>\n<p>Pour le groupe,<br \/>\nMicka\u00ebl<\/p>\n","protected":false},"excerpt":{"rendered":"<p>Nous \u00e9tions 8 du Groupe \u00ab\u00a0Alimentation-Sant\u00e9-Lieu alternatif\u00a0\u00bb \u00e0 nous r\u00e9unir le 29\/11\/12. D\u00e9cisions prises: 1) rencontrer le CPIE d\u00e9but janvier pour b\u00e9n\u00e9ficier de conseils, voire d&rsquo;accompagnement dans la construction de notre projet de \u00ab\u00a0jardin partag\u00e9 p\u00e9dagogique\u00a0\u00bb adapt\u00e9 \u00e0 nos deux communes (C\u00e9dric les contacte). 2) participer \u00e0 l&rsquo;A.G. de l&rsquo;association Prim Vert \u00e0 Cholet (Michel <a class=\"more-link\" href=\"https:\/\/stmacairestandre.entransition.fr\/?p=1145\">Lire plus &#8230;<\/a><\/p>\n","protected":false},"author":2,"featured_media":0,"comment_status":"open","ping_status":"open","sticky":false,"template":"","format":"standard","meta":{"footnotes":""},"categories":[20],"tags":[],"class_list":["post-1145","post","type-post","status-publish","format-standard","hentry","category-groupes-de-travail"],"_links":{"self":[{"href":"https:\/\/stmacairestandre.entransition.fr\/index.php?rest_route=\/wp\/v2\/posts\/1145","targetHints":{"allow":["GET"]}}],"collection":[{"href":"https:\/\/stmacairestandre.entransition.fr\/index.php?rest_route=\/wp\/v2\/posts"}],"about":[{"href":"https:\/\/stmacairestandre.entransition.fr\/index.php?rest_route=\/wp\/v2\/types\/post"}],"author":[{"embeddable":true,"href":"https:\/\/stmacairestandre.entransition.fr\/index.php?rest_route=\/wp\/v2\/users\/2"}],"replies":[{"embeddable":true,"href":"https:\/\/stmacairestandre.entransition.fr\/index.php?rest_route=%2Fwp%2Fv2%2Fcomments&post=1145"}],"version-history":[{"count":3,"href":"https:\/\/stmacairestandre.entransition.fr\/index.php?rest_route=\/wp\/v2\/posts\/1145\/revisions"}],"predecessor-version":[{"id":1151,"href":"https:\/\/stmacairestandre.entransition.fr\/index.php?rest_route=\/wp\/v2\/posts\/1145\/revisions\/1151"}],"wp:attachment":[{"href":"https:\/\/stmacairestandre.entransition.fr\/index.php?rest_route=%2Fwp%2Fv2%2Fmedia&parent=1145"}],"wp:term":[{"taxonomy":"category","embeddable":true,"href":"https:\/\/stmacairestandre.entransition.fr\/index.php?rest_route=%2Fwp%2Fv2%2Fcategories&post=1145"},{"taxonomy":"post_tag","embeddable":true,"href":"https:\/\/stmacairestandre.entransition.fr\/index.php?rest_route=%2Fwp%2Fv2%2Ftags&post=1145"}],"curies":[{"name":"wp","href":"https:\/\/api.w.org\/{rel}","templated":true}]}}