{"id":1164,"date":"2013-02-09T14:42:35","date_gmt":"2013-02-09T13:42:35","guid":{"rendered":"https:\/\/stmacairestandre.entransition.fr\/?p=1164"},"modified":"2013-02-09T14:42:35","modified_gmt":"2013-02-09T13:42:35","slug":"comite-de-liaison-31012013","status":"publish","type":"post","link":"https:\/\/stmacairestandre.entransition.fr\/?p=1164","title":{"rendered":"Comit\u00e9 de Liaison 31\/01\/2013"},"content":{"rendered":"<p style=\"text-align: justify;\">Jeudi 31 janvier 2013, le nouveau comit\u00e9 de liaison s&rsquo;est r\u00e9uni pour la premi\u00e8re fois.<\/p>\n<p><span style=\"text-decoration: underline;\"><strong>ACTUALITE DES GROUPES<\/strong><\/span><\/p>\n<p style=\"text-align: justify;\">Le groupe \u00ab\u00a0d\u00e9placements\u00a0\u00bb travaille actuellement sur le d\u00e9veloppement du covoiturage local. Un panneau a \u00e9t\u00e9 confectionn\u00e9 et sera plac\u00e9 \u00e0 la m\u00e9diath\u00e8que, pour que des personnes puissent s&rsquo;inscrire. Des affiches et articles vont \u00eatre r\u00e9alis\u00e9s pour communiquer les diff\u00e9rentes fa\u00e7ons de se contacter pour co-voiturer.<\/p>\n<p style=\"text-align: justify;\">Le groupe \u00ab\u00a0Energie-Habitat\u00a0\u00bb travaille sur diff\u00e9rentes actions. Un groupe de familles s&rsquo;est constitu\u00e9 pour le D\u00e9fi \u00ab\u00a0Famille  \u00e0 \u00e9nergie positive\u00a0\u00bb. Des rencontres sont en cours : Michel You (maison  solaire), Sylvain Rinault (animateur \u00e0 la cicadelle), Patrick baronnet (visite de la Maison Autonome), le CPIE pour des conf\u00e9rences ou ateliers, Ouvrons les Yeux &#8211; Roussay vers la Transition.<\/p>\n<p style=\"text-align: justify;\">Le groupe \u00ab\u00a0alimentation-sant\u00e9-lieu alternatif\u00a0\u00bb se \u00ab\u00a0s\u00e9pare\u00a0\u00bb en deux  pour travailler \u00e0 la fois sur le projet jardin, et le lieu alternatif\/distribution.  Le projet jardin a \u00e9t\u00e9 \u00e9crit, il sera finalis\u00e9 puis valid\u00e9 par le groupe de travail le  jeudi 7 f\u00e9vrier, et\u00a0 sera pr\u00e9sent\u00e9 au maire de Saint Macaire  prochainement pour que la mairie mette \u00e0 disposition un terrain. Un  jardin p\u00e9dagogique pour les \u00e9coles, coll\u00e8ge, et les adultes ou on y  apprend le jardinage au naturel et ou on donne envie de jardiner. La question d&rsquo;un lieu commun de distribution BIO va \u00eatre soumise \u00e0 l&rsquo;AMAP : il pourrait rassembler le magasin BLE (recentr\u00e9 sur certains produits), un groupement d&rsquo;achat pour c\u00e9r\u00e9ales, farines, l\u00e9gumes secs, voire l&rsquo;AMAP s&rsquo;ils sont d&rsquo;accord.<\/p>\n<p style=\"text-align: justify;\"><span style=\"text-decoration: underline;\"><strong>ROLE ET FONCTIONNEMENT DU COMITE<\/strong><\/span><\/p>\n<p style=\"text-align: justify;\">Ce comit\u00e9 n&rsquo;est pas un Bureau, c&rsquo;est le lieu de rencontre des diff\u00e9rents groupes et de garantie de la coh\u00e9rence d&rsquo;ensemble. Ainsi, m\u00eame si chaque groupe a nomm\u00e9 des d\u00e9l\u00e9gu\u00e9s, nous d\u00e9cidons que chaque comit\u00e9 de liaison est ouvert \u00e0 chacun des membres de St Macaire &#8211; St Andr\u00e9 en Transition.<\/p>\n<p style=\"text-align: justify;\"><span style=\"text-decoration: underline;\"><strong>CONTACTS<\/strong><\/span><\/p>\n<p style=\"text-align: justify;\">Il est n\u00e9cessaire de travailler avec le collectif \u00ab\u00a0Ouvrons les yeux &#8211; Roussay vers la transition\u00a0\u00bb ; Sylvie prend contact avec eux. Une rencontre a eu lieu la semaine derni\u00e8re avec le collectif qui s&rsquo;occupe du Guide Alter 49 ; le prochain num\u00e9ro sera construit dans l&rsquo;esprit \u00ab\u00a0Transition\u00a0\u00bb.<\/p>\n<p style=\"text-align: justify;\"><span style=\"text-decoration: underline;\"><strong>FORMATION OFFICIELLE TRANSITION<\/strong><\/span><\/p>\n<p style=\"text-align: justify;\">Nous avons re\u00e7u une proposition de formation officielle Transition organis\u00e9e par \u00ab\u00a0Nantes en Transition\u00a0\u00bb. Xavier et Micka\u00ebl veulent y participer (70 \u20ac par personne), l&rsquo;invitation est transmise \u00e0 l&rsquo;ensemble des Transitionneurs et aux camarades des autres communes.<\/p>\n<p style=\"text-align: justify;\"><span style=\"text-decoration: underline;\"><strong>INVITATION CINE DEBAT INTO ETERNITY<\/strong><\/span><\/p>\n<p style=\"text-align: justify;\">Nous sommes invit\u00e9s \u00e0 intervenir lors d&rsquo;un Cin\u00e9-D\u00e9bat \u00ab\u00a0Into Eternity\u00a0\u00bb par la Maison des Mineurs et des Energies : le film parle du nucl\u00e9aire, que pourrait-on y apporter ? Il est clair que le nucl\u00e9aire n&rsquo;est pas r\u00e9silient (toute crise \u00e9cologique, \u00e9conomique, sociale pourrait \u00eatre dramatique pour cette \u00e9nergie) et donc la transition voit cette \u00e9nergie comme un probl\u00e8me, non une solution. Le groupe \u00ab\u00a0Energie-Habitat\u00a0\u00bb va rencontrer leur animateur, ils parleront aussi de notre \u00e9ventuelle participation \u00e0 cette soir\u00e9e.<\/p>\n<p style=\"text-align: justify;\"><span style=\"text-decoration: underline;\"><strong>JOURNEE FESTIVE TRANSITION<\/strong><\/span><\/p>\n<p style=\"text-align: justify;\">Une Journ\u00e9e festive avec un pique nique partag\u00e9e regroupant les diff\u00e9rents groupes a \u00e9t\u00e9 \u00e9voqu\u00e9e. Il est important de nous retrouver tous de temps en temps.<\/p>\n<p style=\"text-align: justify;\"><span style=\"text-decoration: underline;\"><strong>PETITION LA CORBIERE<\/strong><\/span><\/p>\n<p style=\"text-align: justify;\">La Ferme de la Corbi\u00e8re lance une p\u00e9tition contre l&rsquo;agrandissement de la Carri\u00e8re. Nous sommes tous d&rsquo;accord pour soutenir la p\u00e9tition individuelle. Faut-il pour autant une r\u00e9action du collectif transition ? Nous nous interrogeons sur le positionnement \u00e9ventuel du collectif de Roussay ? Nous aviserons apr\u00e8s leur avoir pos\u00e9 la question.<\/p>\n<p style=\"text-align: justify;\"><span style=\"text-decoration: underline;\"><strong>ASSOCIATION OU PAS ?<\/strong><\/span><\/p>\n<p style=\"text-align: justify;\">Avec le projet de jardin partag\u00e9 se pose la question de la n\u00e9cessit\u00e9 d&rsquo;avoir une association support. Nous sommes d&rsquo;accord sur un point : si cr\u00e9er n&rsquo;est pas n\u00e9cessaire, nous ne souhaitons pas en cr\u00e9er. Si elle est n\u00e9cessaire, nous voyons 3 solutions :<\/p>\n<p style=\"text-align: justify;\">1) Se rattacher \u00e0 <em>une autre asso comme le Centre Social<\/em> : cette solution interroge tant notre ind\u00e9pendance que notre visibilit\u00e9 ; et donc n&rsquo;est pas souhait\u00e9e.<\/p>\n<p style=\"text-align: justify;\">2) Cr\u00e9er une <em>asso sp\u00e9cifique pour le jardin<\/em> : rapide, facile mais si un autre projet demande une asso, il faudra cr\u00e9er une asso par projet ; cette solution est abandonn\u00e9e.<\/p>\n<p style=\"text-align: justify;\">3) Cr\u00e9er <em>une asso \u00ab\u00a0St Macaire &#8211; St Andr\u00e9 en Transition\u00a0\u00bb<\/em> qui pourrait chapeauter tous les projets : cette solution permettrait de porter tous les projets cr\u00e9\u00e9s et d&rsquo;avoir une visibilit\u00e9 claire sur le territoire.<\/p>\n<p style=\"text-align: justify;\">C&rsquo;est donc la 3\u00e8me solution qui serait retenue si elle est n\u00e9cessaire. Tout le monde est d&rsquo;accord pour dire que son fonctionnement doit garantir les d\u00e9cisions au consensus, avoir un fonctionnement horizontal, non hi\u00e9rarchique, donc sans pr\u00e9sident. Nous nous retrouverons le Mercredi 20\/02 \u00e0 20h30 chez Olivier si une asso est n\u00e9cessaire.<\/p>\n<p style=\"text-align: justify;\">Sinon le Comit\u00e9 de Liaison se r\u00e9unira Mercredi 20\/03 \u00e0 20h30 chez Cathie.<\/p>\n<p style=\"text-align: justify;\">\n","protected":false},"excerpt":{"rendered":"<p>Jeudi 31 janvier 2013, le nouveau comit\u00e9 de liaison s&rsquo;est r\u00e9uni pour la premi\u00e8re fois. ACTUALITE DES GROUPES Le groupe \u00ab\u00a0d\u00e9placements\u00a0\u00bb travaille actuellement sur le d\u00e9veloppement du covoiturage local. Un panneau a \u00e9t\u00e9 confectionn\u00e9 et sera plac\u00e9 \u00e0 la m\u00e9diath\u00e8que, pour que des personnes puissent s&rsquo;inscrire. Des affiches et articles vont \u00eatre r\u00e9alis\u00e9s pour communiquer <a class=\"more-link\" href=\"https:\/\/stmacairestandre.entransition.fr\/?p=1164\">Lire plus &#8230;<\/a><\/p>\n","protected":false},"author":2,"featured_media":0,"comment_status":"open","ping_status":"open","sticky":false,"template":"","format":"standard","meta":{"footnotes":""},"categories":[15],"tags":[],"class_list":["post-1164","post","type-post","status-publish","format-standard","hentry","category-comite-de-liaison"],"_links":{"self":[{"href":"https:\/\/stmacairestandre.entransition.fr\/index.php?rest_route=\/wp\/v2\/posts\/1164","targetHints":{"allow":["GET"]}}],"collection":[{"href":"https:\/\/stmacairestandre.entransition.fr\/index.php?rest_route=\/wp\/v2\/posts"}],"about":[{"href":"https:\/\/stmacairestandre.entransition.fr\/index.php?rest_route=\/wp\/v2\/types\/post"}],"author":[{"embeddable":true,"href":"https:\/\/stmacairestandre.entransition.fr\/index.php?rest_route=\/wp\/v2\/users\/2"}],"replies":[{"embeddable":true,"href":"https:\/\/stmacairestandre.entransition.fr\/index.php?rest_route=%2Fwp%2Fv2%2Fcomments&post=1164"}],"version-history":[{"count":5,"href":"https:\/\/stmacairestandre.entransition.fr\/index.php?rest_route=\/wp\/v2\/posts\/1164\/revisions"}],"predecessor-version":[{"id":1169,"href":"https:\/\/stmacairestandre.entransition.fr\/index.php?rest_route=\/wp\/v2\/posts\/1164\/revisions\/1169"}],"wp:attachment":[{"href":"https:\/\/stmacairestandre.entransition.fr\/index.php?rest_route=%2Fwp%2Fv2%2Fmedia&parent=1164"}],"wp:term":[{"taxonomy":"category","embeddable":true,"href":"https:\/\/stmacairestandre.entransition.fr\/index.php?rest_route=%2Fwp%2Fv2%2Fcategories&post=1164"},{"taxonomy":"post_tag","embeddable":true,"href":"https:\/\/stmacairestandre.entransition.fr\/index.php?rest_route=%2Fwp%2Fv2%2Ftags&post=1164"}],"curies":[{"name":"wp","href":"https:\/\/api.w.org\/{rel}","templated":true}]}}