{"id":1334,"date":"2013-04-20T12:41:35","date_gmt":"2013-04-20T11:41:35","guid":{"rendered":"https:\/\/stmacairestandre.entransition.fr\/?p=1334"},"modified":"2013-04-20T12:42:17","modified_gmt":"2013-04-20T11:42:17","slug":"comite-de-liaison-du-20-mars-2013","status":"publish","type":"post","link":"https:\/\/stmacairestandre.entransition.fr\/?p=1334","title":{"rendered":"Comit\u00e9 de liaison du 20\/03\/2013"},"content":{"rendered":"<p><span style=\"font-size: medium;\"><span style=\"text-decoration: underline;\"><b>1- Formation Transition<\/b><\/span><\/span><\/p>\n<p>\u00a0Xavier et Micka\u00ebl sont all\u00e9s suivre la formation\u00a0\u00bbTransition\u00a0\u00bb propos\u00e9e \u00e0 Nantes. Le but de cette formation \u00e9tait de lancer et d\u00e9velopper une initiative de transition. Dans un premier temps il faut comprendre les bases de transition.<\/p>\n<p>Quelques modes d&rsquo;animation ont \u00e9t\u00e9 pr\u00e9sent\u00e9s\u00a0;<\/p>\n<p>Quelques constats\u00a0:<\/p>\n<ul>\n<li>\n<p>attention au public cibl\u00e9 , les messages peuvent \u00eatre tr\u00e8s diff\u00e9rents d&rsquo;un public \u00e0 l&rsquo;autre.<\/p>\n<\/li>\n<li>\n<p>Les d\u00e9cisions sont prises par l&rsquo;ensemble<\/p>\n<\/li>\n<li>\n<p>l&rsquo;universit\u00e9 du nous \u2013 la mani\u00e8re de d\u00e9cider.<\/p>\n<\/li>\n<\/ul>\n<p>Les outils sont utilis\u00e9s avec p\u00e9dagogie.<\/p>\n<p>&nbsp;<\/p>\n<p><span style=\"font-size: medium;\"><span style=\"text-decoration: underline;\"><b>2- Tour de table et questions<\/b><\/span><\/span><\/p>\n<ul>\n<li>\n<p>Deux personnes du groupe de Roussay \u00e9taient aussi pr\u00e9sentes \u00e0 la formation<\/p>\n<\/li>\n<li>\n<p>N\u00e9cessit\u00e9 de se rencontrer avec le groupe de Roussay<\/p>\n<\/li>\n<li>\n<p>certaines th\u00e9matiques sont \u00e0 travailler au niveau du territoire.<\/p>\n<\/li>\n<li>\n<p>Travailler avec le CPIE<\/p>\n<\/li>\n<li>\n<p>La projection du film \u00ab\u00a0Tous Cobayes\u00a0\u00bb se fait en lien avec l&rsquo;assos Prim-vert \u00a0ou Biocoop<\/p>\n<\/li>\n<li>\n<p>notre collectif transition souhaite \u00eatre partenaire du projet mais pas organisateur.<\/p>\n<\/li>\n<\/ul>\n<p>&nbsp;<\/p>\n<p><span style=\"font-size: medium;\"><span style=\"text-decoration: underline;\"><b>3-Le groupe jardin<\/b><\/span><\/span><\/p>\n<p>\u00a0Le dossier de pr\u00e9sentation du projet \u00ab\u00a0jardin partag\u00e9 \u00bb a \u00e9t\u00e9 \u00e9labor\u00e9 avec l\u00a0&lsquo;aide de Marie GIRARD du CPIE. Il a \u00e9t\u00e9 expos\u00e9 \u00e0 Jacques HY et plut\u00f4t bien accueilli.<\/p>\n<p>Quelques questions soulev\u00e9es\u00a0:<\/p>\n<ul>\n<li>\n<p>Il existe des jardins ouvriers\u00a0: attention au choc des cultures<\/p>\n<\/li>\n<li>\n<p>Faire attention aux autres jardiniers<\/p>\n<\/li>\n<li>\n<p>Le jardin sera pr\u00e9sent\u00e9 comme un jardin p\u00e9dagogique<\/p>\n<\/li>\n<li>\n<p>Jacques HY demande qu&rsquo;une association soit constitu\u00e9e pour la signature des conventions.<\/p>\n<\/li>\n<li>\n<p>Apr\u00e8s d\u00e9bats, le groupe ne souhaite pas constituer une association mais rester en collectif, on reste ainsi dans une gestion transversale. Par contre, une charte va \u00eatre \u00e9labor\u00e9e par Xavier et Micka\u00ebl\u00a0;<\/p>\n<\/li>\n<li>\n<p>Sylvie se charge de rencontrer JFD pour essayer de discuter sur le principe \u00ab\u00a0association-collectif\u00a0\u00bb<\/p>\n<\/li>\n<\/ul>\n<p>\u00a0\u00a0<\/p>\n<p><span style=\"text-decoration: underline;\"><b>4 \u2013 le groupe autour de BLE<\/b><\/span><\/p>\n<ul>\n<li>\n<p>RV est pris avec une personne de la f\u00e9d\u00e9ration r\u00e9gionale des SCOOP, pour mieux connaitre ce dispositif<\/p>\n<\/li>\n<li>\n<p>Volont\u00e9 d\u2019impliquer davantage les consommateurs<\/p>\n<\/li>\n<\/ul>\n<p>&nbsp;<\/p>\n<p><span style=\"text-decoration: underline;\"><b>5 \u2013 Groupe Transport<\/b><\/span><\/p>\n<ul>\n<li>\n<p>Le panneau de covoiturage est install\u00e9 \u00e0 l\u2019entr\u00e9e de la m\u00e9diath\u00e8que. Inauguration pr\u00e9vu\/presse \u00e0 inviter<\/p>\n<\/li>\n<\/ul>\n<p>&nbsp;<\/p>\n<p><span style=\"text-decoration: underline;\"><b>6 \u2013 le groupe qui se cherche encore un peu<\/b><\/span><\/p>\n<ul>\n<li>\n<p>Veut mettre en place des animations \/d\u00e9bats\/ dans un objectif convivial et informatif sur des th\u00e9matiques choisies.<\/p>\n<\/li>\n<li>\n<p>Voudrait commencer par la diffusion d\u2019un film\/d\u00e9bat mais probl\u00e8me de dates.<\/p>\n<\/li>\n<li>\n<p>Projet d\u00e9cal\u00e9 au 8 juin dans le cadre de la 1<sup>\u00e8re<\/sup> pl\u00e9ni\u00e8re du groupe transition St Mac St Andr\u00e9<\/p>\n<\/li>\n<\/ul>\n<p>&nbsp;<\/p>\n<p>&nbsp;<\/p>\n<p align=\"CENTER\"><span style=\"text-decoration: underline;\"><b>Prochaine r\u00e9union le mardi 16 avril \u00e0 20h30 chez Benoit<\/b><\/span><\/p>\n","protected":false},"excerpt":{"rendered":"<p>1- Formation Transition \u00a0Xavier et Micka\u00ebl sont all\u00e9s suivre la formation\u00a0\u00bbTransition\u00a0\u00bb propos\u00e9e \u00e0 Nantes. Le but de cette formation \u00e9tait de lancer et d\u00e9velopper une initiative de transition. Dans un premier temps il faut comprendre les bases de transition. Quelques modes d&rsquo;animation ont \u00e9t\u00e9 pr\u00e9sent\u00e9s\u00a0; Quelques constats\u00a0: attention au public cibl\u00e9 , les messages peuvent <a class=\"more-link\" href=\"https:\/\/stmacairestandre.entransition.fr\/?p=1334\">Lire plus &#8230;<\/a><\/p>\n","protected":false},"author":2,"featured_media":0,"comment_status":"open","ping_status":"open","sticky":false,"template":"","format":"standard","meta":{"footnotes":""},"categories":[15],"tags":[],"class_list":["post-1334","post","type-post","status-publish","format-standard","hentry","category-comite-de-liaison"],"_links":{"self":[{"href":"https:\/\/stmacairestandre.entransition.fr\/index.php?rest_route=\/wp\/v2\/posts\/1334","targetHints":{"allow":["GET"]}}],"collection":[{"href":"https:\/\/stmacairestandre.entransition.fr\/index.php?rest_route=\/wp\/v2\/posts"}],"about":[{"href":"https:\/\/stmacairestandre.entransition.fr\/index.php?rest_route=\/wp\/v2\/types\/post"}],"author":[{"embeddable":true,"href":"https:\/\/stmacairestandre.entransition.fr\/index.php?rest_route=\/wp\/v2\/users\/2"}],"replies":[{"embeddable":true,"href":"https:\/\/stmacairestandre.entransition.fr\/index.php?rest_route=%2Fwp%2Fv2%2Fcomments&post=1334"}],"version-history":[{"count":6,"href":"https:\/\/stmacairestandre.entransition.fr\/index.php?rest_route=\/wp\/v2\/posts\/1334\/revisions"}],"predecessor-version":[{"id":1340,"href":"https:\/\/stmacairestandre.entransition.fr\/index.php?rest_route=\/wp\/v2\/posts\/1334\/revisions\/1340"}],"wp:attachment":[{"href":"https:\/\/stmacairestandre.entransition.fr\/index.php?rest_route=%2Fwp%2Fv2%2Fmedia&parent=1334"}],"wp:term":[{"taxonomy":"category","embeddable":true,"href":"https:\/\/stmacairestandre.entransition.fr\/index.php?rest_route=%2Fwp%2Fv2%2Fcategories&post=1334"},{"taxonomy":"post_tag","embeddable":true,"href":"https:\/\/stmacairestandre.entransition.fr\/index.php?rest_route=%2Fwp%2Fv2%2Ftags&post=1334"}],"curies":[{"name":"wp","href":"https:\/\/api.w.org\/{rel}","templated":true}]}}