{"id":1343,"date":"2013-04-24T14:07:45","date_gmt":"2013-04-24T13:07:45","guid":{"rendered":"https:\/\/stmacairestandre.entransition.fr\/?p=1343"},"modified":"2013-04-24T14:07:45","modified_gmt":"2013-04-24T13:07:45","slug":"cr-groupe-deplacements-08-avril-2013","status":"publish","type":"post","link":"https:\/\/stmacairestandre.entransition.fr\/?p=1343","title":{"rendered":"CR groupe d\u00e9placements 08 avril 2013"},"content":{"rendered":"<p align=\"JUSTIFY\"><span style=\"font-family: 'Comic Sans MS', cursive;\"><span style=\"font-size: medium;\">\u00a0<\/span><\/span><\/p>\n<p><span style=\"font-family: 'Comic Sans MS', cursive;\"><span style=\"font-size: medium;\"><b>1. Action co-voiturage local<\/b><\/span><\/span><\/p>\n<p align=\"JUSTIFY\"><span style=\"font-family: 'Comic Sans MS', cursive;\"><span style=\"font-size: medium;\">*Comme pr\u00e9vu, l\u2019affiche sera donn\u00e9e au CSI pour diffusion sur leur blog. Olivier s\u2019en occupe.<\/span><\/span><\/p>\n<p align=\"JUSTIFY\"><span style=\"font-family: 'Comic Sans MS', cursive;\"><span style=\"font-size: medium;\">* Cathie a vu dans certaines communes un grand panneau \u00ab\u00a0co-voiturage\u00a0\u00bb avec le site internetco-voiturage49. Il pourrait \u00eatre demand\u00e9 aux \u00e9lus la possibilit\u00e9 d\u2019en avoir sur nos communes.<\/span><\/span><\/p>\n<p>&nbsp;<\/p>\n<p><span style=\"font-family: 'Comic Sans MS', cursive;\"><span style=\"font-size: medium;\"><b>2. Rencontre envisag\u00e9e avec la Communaut\u00e9 de Communes Moine et S\u00e8vre<\/b><\/span><\/span><\/p>\n<p align=\"JUSTIFY\"><span style=\"font-family: 'Comic Sans MS', cursive;\"><span style=\"font-size: medium;\">Le groupe propose de rencontrer des \u00e9lus de la commission sociale afin de pr\u00e9senter la Transition, leur parler de l\u2019action mise en place pour le co-voiturage local et de notre id\u00e9e d\u2019envisager pour le printemps 2012 une journ\u00e9e sans voiture (id\u00e9e qu\u2019il faudra \u00e9galement \u00e9voquer avec le collectif de Roussay).<\/span><\/span><\/p>\n<p align=\"JUSTIFY\"><span style=\"font-family: 'Comic Sans MS', cursive;\"><span style=\"font-size: medium;\">Olivier et Claude se chargent de contacter Anne PITHON, directrice des services de la Communaut\u00e9 de Communes Moine et S\u00e8vre pour convenir d\u2019un rendez-vous.<\/span><\/span><\/p>\n<p align=\"JUSTIFY\">\u00a0<\/p>\n<p align=\"JUSTIFY\"><span style=\"font-family: 'Comic Sans MS', cursive;\"><span style=\"font-size: medium;\"><b>3. Gilets jaunes<\/b><\/span><\/span><\/p>\n<p align=\"JUSTIFY\"><span style=\"font-family: 'Comic Sans MS', cursive;\"><span style=\"font-size: medium;\">Sandrine nous fait part de l\u2019id\u00e9e de Mickael. <\/span><\/span><span style=\"font-family: 'Comic Sans MS', cursive;\"><span style=\"font-size: medium;\">Il <\/span><\/span><span style=\"color: #000000;\"><span style=\"font-family: 'Comic Sans MS', cursive;\"><span style=\"font-size: medium;\">propose de cr\u00e9er des gilets jaunes qui pourraient \u00eatre utilis\u00e9s par tous les volontaires pour valoriser la marche \u00e0 pied et le v\u00e9lo. Le groupe est partant pour ce projet.<\/span><\/span><\/span><\/p>\n<p><span style=\"color: #000000;\"><span style=\"font-family: 'Comic Sans MS', cursive;\"><span style=\"font-size: medium;\">Ce gilet porterait un slogan et le nom du collectif&#8230;<\/span><\/span><\/span><\/p>\n<p><span style=\"color: #000000;\"><span style=\"font-family: 'Comic Sans MS', cursive;\"><span style=\"font-size: medium;\">Proposition de slogan : \u00ab\u00a0Sans p\u00e9trole ? On p\u00e9dale, on marche !\u00a0\u00bb<\/span><\/span><\/span><\/p>\n<p><span style=\"color: #000000;\"><span style=\"font-family: 'Comic Sans MS', cursive;\"><span style=\"font-size: medium;\">Chacun effectue des d\u00e9marches pour conna\u00eetre les tarifs des gilets avec une impression&#8230; Cependant, du nombre de gilets command\u00e9s d\u00e9pendra le tarif.<\/span><\/span><\/span><\/p>\n<p>&nbsp;<\/p>\n<p><span style=\"color: #000000;\"><span style=\"font-family: 'Comic Sans MS', cursive;\"><span style=\"font-size: medium;\">Sandrine demande \u00e0 Mickael d\u2019envoyer un mail \u00e0 l\u2019ensemble des membres du collectif pour conna\u00eetre le nombre de personnes int\u00e9ress\u00e9es et le prix qu\u2019elles seraient pr\u00eates \u00e0 mettre.<\/span><\/span><\/span><\/p>\n<p>&nbsp;<\/p>\n<p><span style=\"font-family: 'Comic Sans MS', cursive;\"><span style=\"font-size: medium;\"><i><span style=\"text-decoration: underline;\">La prochaine r\u00e9union est fix\u00e9e au jeudi 30 mai \u00e0 20h30 chez Roselyne.<\/span><\/i><\/span><\/span><\/p>\n","protected":false},"excerpt":{"rendered":"<p>\u00a0 1. Action co-voiturage local *Comme pr\u00e9vu, l\u2019affiche sera donn\u00e9e au CSI pour diffusion sur leur blog. Olivier s\u2019en occupe. * Cathie a vu dans certaines communes un grand panneau \u00ab\u00a0co-voiturage\u00a0\u00bb avec le site internetco-voiturage49. Il pourrait \u00eatre demand\u00e9 aux \u00e9lus la possibilit\u00e9 d\u2019en avoir sur nos communes. &nbsp; 2. Rencontre envisag\u00e9e avec la Communaut\u00e9 <a class=\"more-link\" href=\"https:\/\/stmacairestandre.entransition.fr\/?p=1343\">Lire plus &#8230;<\/a><\/p>\n","protected":false},"author":2,"featured_media":0,"comment_status":"open","ping_status":"open","sticky":false,"template":"","format":"standard","meta":{"footnotes":""},"categories":[20],"tags":[],"class_list":["post-1343","post","type-post","status-publish","format-standard","hentry","category-groupes-de-travail"],"_links":{"self":[{"href":"https:\/\/stmacairestandre.entransition.fr\/index.php?rest_route=\/wp\/v2\/posts\/1343","targetHints":{"allow":["GET"]}}],"collection":[{"href":"https:\/\/stmacairestandre.entransition.fr\/index.php?rest_route=\/wp\/v2\/posts"}],"about":[{"href":"https:\/\/stmacairestandre.entransition.fr\/index.php?rest_route=\/wp\/v2\/types\/post"}],"author":[{"embeddable":true,"href":"https:\/\/stmacairestandre.entransition.fr\/index.php?rest_route=\/wp\/v2\/users\/2"}],"replies":[{"embeddable":true,"href":"https:\/\/stmacairestandre.entransition.fr\/index.php?rest_route=%2Fwp%2Fv2%2Fcomments&post=1343"}],"version-history":[{"count":1,"href":"https:\/\/stmacairestandre.entransition.fr\/index.php?rest_route=\/wp\/v2\/posts\/1343\/revisions"}],"predecessor-version":[{"id":1344,"href":"https:\/\/stmacairestandre.entransition.fr\/index.php?rest_route=\/wp\/v2\/posts\/1343\/revisions\/1344"}],"wp:attachment":[{"href":"https:\/\/stmacairestandre.entransition.fr\/index.php?rest_route=%2Fwp%2Fv2%2Fmedia&parent=1343"}],"wp:term":[{"taxonomy":"category","embeddable":true,"href":"https:\/\/stmacairestandre.entransition.fr\/index.php?rest_route=%2Fwp%2Fv2%2Fcategories&post=1343"},{"taxonomy":"post_tag","embeddable":true,"href":"https:\/\/stmacairestandre.entransition.fr\/index.php?rest_route=%2Fwp%2Fv2%2Ftags&post=1343"}],"curies":[{"name":"wp","href":"https:\/\/api.w.org\/{rel}","templated":true}]}}