{"id":1352,"date":"2013-06-22T13:38:45","date_gmt":"2013-06-22T12:38:45","guid":{"rendered":"https:\/\/stmacairestandre.entransition.fr\/?p=1352"},"modified":"2013-06-22T13:38:45","modified_gmt":"2013-06-22T12:38:45","slug":"cr-comite-de-liaison-16-avril-2013","status":"publish","type":"post","link":"https:\/\/stmacairestandre.entransition.fr\/?p=1352","title":{"rendered":"CR comit\u00e9 de liaison 16 avril 2013"},"content":{"rendered":"<p>1. Contact avec Roussay et s\u00e9ance de cin\u00e9ma.<br \/>Nous avons contact\u00e9s Roussay en Transition pour une rencontre des deux groupes Transition, pas de r\u00e9ponse<br \/>actuellement.<br \/>Une s\u00e9ance cin\u00e9ma (film \u00ab Tous cobayes \u00bb) \u00e9tait pr\u00e9vue \u00e0 St Macaire, organis\u00e9e par la Biocoop Cholet avec la<br \/>pr\u00e9sence de Transition St Macaire-St Andr\u00e9 et Transition Roussay. Personne n&rsquo;a confirm\u00e9 cette s\u00e9ance qui<br \/>semble pour le moment compromise.<\/p>\n<p>2. Jardin partag\u00e9.<br \/>Le d\u00e9but du travail dans le jardin \u00e9tait pr\u00e9vu vendredi 19 avril et samedi 20 avril, Micka\u00ebl se charge de pr\u00e9venir<br \/>la presse.<br \/>Vendredi 12 avril, trois membres de la Transition (Xavier, Beno\u00eet, Olivier) ont rencontr\u00e9 Mme Huchon, \u00e9lue \u00e0 la<br \/>mairie de St Macaire. La mairie a fait un bon accueil au projet de jardin mais demande qu&rsquo;une association soit<br \/>cr\u00e9\u00e9e avant septembre 2013, cependant nous pouvons commencer \u00e0 cultiver le jardin d\u00e8s maintenant.<br \/>3. Information aupr\u00e8s des futures listes \u00e9lectorales.<br \/>Des membres du collectif transition ont \u00e9t\u00e9 contact\u00e9s de mani\u00e8re informelle par des groupes qui pr\u00e9parent les<br \/>municipales. Quelle est notre place, notre positionnement dans ce moment d\u00e9mocratique ? Travailler avec les<br \/>municipalit\u00e9s est n\u00e9cessaire pour notre projet. Pour autant, s&rsquo;afficher avec telle ou telle liste serait prendre le<br \/>risque de se faire \u00e9tiqueter alors que notre souhait est de ne pas entrer dans le jeu \u00e9lectoral. Pour autant, le<br \/>mouvement a sa propre vision de l&rsquo;avenir et certains changements n\u00e9cessaires sont de la responsabilit\u00e9 des<br \/>collectivit\u00e9s locales. Ne pouvons-nous pas pr\u00e9parer et adresser des propositions \u00e0 toutes les listes qui se<br \/>d\u00e9clareront ? Pourrions-nous travailler cela aussi avec le collectif de Roussay ? La question est pos\u00e9e mais<br \/>aucune d\u00e9cision n&rsquo;a \u00e9t\u00e9 prise.<\/p>\n<p>4. Bilan des diff\u00e9rents groupes.<br \/>D\u00e9placement : Le groupe r\u00e9fl\u00e9chit \u00e0 la cr\u00e9ation de gilets jaunes pour se d\u00e9placer \u00e0 v\u00e9lo ou \u00e0 pied.<br \/>\u00c9 nergie\/Habitat : Le groupe comporte peu de membres d&rsquo;o\u00f9 l&rsquo;int\u00e9r\u00eat de se rapprocher de Roussay.<br \/>Lieu\/Vie culturelle : Le groupe est pr\u00eat \u00e0 participer \u00e0 l&rsquo;organisation de la journ\u00e9e du 8 juin et a en projet<br \/>d&rsquo;organiser des d\u00e9bats en lien avec des films.<br \/>Distribution\/Alimentation : Le groupe est convaincu de la n\u00e9cessit\u00e9 d&rsquo;un lieu de distribution sur St Macaire\/St<br \/>Andr\u00e9 cependant le magasin BLE a du mal \u00e0 payer un salari\u00e9. Le groupe va donc diffuser un sondage pour<br \/>tenter de d\u00e9finir le fonctionnement de ce nouveau lieu de distribution et pour conna\u00eetre les besoins des<br \/>habitants.<\/p>\n<p>5. Communication.<br \/>Micka\u00ebl aimerait qu&rsquo;un groupe \u00ab Communication \u00bb soit cr\u00e9\u00e9 pour g\u00e9rer le site Internet, diffuser une lettre<br \/>d&rsquo;information&#8230; Certains sont int\u00e9ress\u00e9s mais ont peur de ne pas avoir le temps.<\/p>\n<p>6. Apr\u00e8s-midi du 8 juin 2013.<br \/>Le moment festif du 8 juin approche et le groupe a commenc\u00e9 \u00e0 r\u00e9fl\u00e9chir \u00e0 l&rsquo;organisation de cette apr\u00e8s-midi.<br \/>Les objectifs de cette journ\u00e9e seraient :<br \/>. faire se rencontrer les diff\u00e9rents membres de la Transition St Macaire-St Andr\u00e9<br \/>. projeter le film Transition<br \/>. organiser des rencontres autour des savoir-faire (marmite norv\u00e9gienne, four solaire, toilettes s\u00e8ches&#8230;)<br \/>Propositions :<br \/>. faire un appel dans la presse pour attirer des gens qui ont des comp\u00e9tences et qui veulent les partager<br \/>. utiliser les techniques d&rsquo;animation de la Transition (Quiz, toile&#8230;)<br \/>. pique-nique partag\u00e9 le soir<br \/>Sylvie se renseigne sur la disponibilit\u00e9 des salles.<\/p>\n<p>Prochaine r\u00e9union : lundi 13 mai, 20h30 (lieu \u00e0 pr\u00e9ciser)<\/p>\n","protected":false},"excerpt":{"rendered":"<p>1. Contact avec Roussay et s\u00e9ance de cin\u00e9ma.Nous avons contact\u00e9s Roussay en Transition pour une rencontre des deux groupes Transition, pas de r\u00e9ponseactuellement.Une s\u00e9ance cin\u00e9ma (film \u00ab Tous cobayes \u00bb) \u00e9tait pr\u00e9vue \u00e0 St Macaire, organis\u00e9e par la Biocoop Cholet avec lapr\u00e9sence de Transition St Macaire-St Andr\u00e9 et Transition Roussay. Personne n&rsquo;a confirm\u00e9 cette s\u00e9ance <a class=\"more-link\" href=\"https:\/\/stmacairestandre.entransition.fr\/?p=1352\">Lire plus &#8230;<\/a><\/p>\n","protected":false},"author":2,"featured_media":0,"comment_status":"open","ping_status":"open","sticky":false,"template":"","format":"standard","meta":{"footnotes":""},"categories":[15],"tags":[],"class_list":["post-1352","post","type-post","status-publish","format-standard","hentry","category-comite-de-liaison"],"_links":{"self":[{"href":"https:\/\/stmacairestandre.entransition.fr\/index.php?rest_route=\/wp\/v2\/posts\/1352","targetHints":{"allow":["GET"]}}],"collection":[{"href":"https:\/\/stmacairestandre.entransition.fr\/index.php?rest_route=\/wp\/v2\/posts"}],"about":[{"href":"https:\/\/stmacairestandre.entransition.fr\/index.php?rest_route=\/wp\/v2\/types\/post"}],"author":[{"embeddable":true,"href":"https:\/\/stmacairestandre.entransition.fr\/index.php?rest_route=\/wp\/v2\/users\/2"}],"replies":[{"embeddable":true,"href":"https:\/\/stmacairestandre.entransition.fr\/index.php?rest_route=%2Fwp%2Fv2%2Fcomments&post=1352"}],"version-history":[{"count":1,"href":"https:\/\/stmacairestandre.entransition.fr\/index.php?rest_route=\/wp\/v2\/posts\/1352\/revisions"}],"predecessor-version":[{"id":1353,"href":"https:\/\/stmacairestandre.entransition.fr\/index.php?rest_route=\/wp\/v2\/posts\/1352\/revisions\/1353"}],"wp:attachment":[{"href":"https:\/\/stmacairestandre.entransition.fr\/index.php?rest_route=%2Fwp%2Fv2%2Fmedia&parent=1352"}],"wp:term":[{"taxonomy":"category","embeddable":true,"href":"https:\/\/stmacairestandre.entransition.fr\/index.php?rest_route=%2Fwp%2Fv2%2Fcategories&post=1352"},{"taxonomy":"post_tag","embeddable":true,"href":"https:\/\/stmacairestandre.entransition.fr\/index.php?rest_route=%2Fwp%2Fv2%2Ftags&post=1352"}],"curies":[{"name":"wp","href":"https:\/\/api.w.org\/{rel}","templated":true}]}}