{"id":1354,"date":"2013-06-22T13:40:50","date_gmt":"2013-06-22T12:40:50","guid":{"rendered":"https:\/\/stmacairestandre.entransition.fr\/?p=1354"},"modified":"2013-06-22T13:49:25","modified_gmt":"2013-06-22T12:49:25","slug":"cr-comite-de-liaison-du-13-mai-2013","status":"publish","type":"post","link":"https:\/\/stmacairestandre.entransition.fr\/?p=1354","title":{"rendered":"CR comit\u00e9 de liaison du 13 mai 2013"},"content":{"rendered":"<p>&nbsp;<\/p>\n<ol>\n<li>\n<p style=\"margin-bottom: 0cm;\" align=\"LEFT\"><span style=\"font-family: TimesNewRomanPSMT,serif;\"><span style=\"font-size: medium;\"><b>S\u00e9ance de cin\u00e9ma<\/b><\/span><\/span><span style=\"font-family: TimesNewRomanPSMT,serif;\"><span style=\"font-size: medium;\"> \u00ab Tous cobayes \u00bb. Annul\u00e9e . La Biocoop Cholet s&rsquo;est retir\u00e9 du projet et ni le groupe St Andr\u00e9 St Macaire en Transition, ni Roussay en Transition ne peut soutenir la totalit\u00e9 du budget.<\/span><\/span><\/p>\n<\/li>\n<\/ol>\n<p>\u00a0 <\/p>\n<ol start=\"2\">\n<li>\n<p style=\"margin-bottom: 0cm;\" align=\"LEFT\"><span style=\"font-family: TimesNewRomanPSMT,serif;\"><span style=\"font-size: medium;\"><b>Rencontre des deux groupes Transition Roussay et St Andr\u00e9-St Macaire<\/b><\/span><\/span><span style=\"font-family: TimesNewRomanPSMT,serif;\"><span style=\"font-size: medium;\">. Proposition de Roussay pour un dimanche matin avec le matin \u00e9changes et le midi un pique nique partag\u00e9.<\/span><\/span><\/p>\n<p style=\"margin-bottom: 0cm;\" align=\"LEFT\"><span style=\"font-family: TimesNewRomanPSMT,serif;\"><span style=\"font-size: medium;\">Nous proposons soit le 22 ou 29 septembre 2013. Le lieu et le d\u00e9roulement reste \u00e0 d\u00e9finir. Xavier et Micka\u00ebl se proposent avec l&rsquo;accord et la participation de Franck et Emmanuel du collectif de Roussay de nous faire part de leur formation \u00e0 cette occasion.<\/span><\/span><\/p>\n<\/li>\n<\/ol>\n<p>\u00a0 <\/p>\n<ol start=\"3\">\n<li>\n<p style=\"margin-bottom: 0cm;\" align=\"LEFT\"><span style=\"font-family: TimesNewRomanPSMT,serif;\"><span style=\"font-size: medium;\"><b>Pr\u00e9paration du 8 juin 2013 <\/b><\/span><\/span><span style=\"font-family: TimesNewRomanPSMT,serif;\"><span style=\"font-size: medium;\">.\u00a0<\/span><\/span><span style=\"font-family: TimesNewRomanPSMT,serif;\"><span style=\"font-size: large;\"><b>\u00ab\u00a0Faites la Transition \u2026 La Transition en f\u00eate\u00a0\u00bb<\/b><\/span><\/span><\/p>\n<p style=\"margin-bottom: 0cm;\" align=\"LEFT\"><span style=\"font-family: TimesNewRomanPSMT,serif;\"><span style=\"font-size: medium;\">Les OBJECTIFS sont : <\/span><\/span><\/p>\n<\/li>\n<\/ol>\n<p style=\"margin-bottom: 0cm;\" align=\"LEFT\">\u00a0<\/p>\n<ul>\n<li>\u00a0<span style=\"font-family: TimesNewRomanPSMT,serif;\"><span style=\"font-size: medium;\">faire se rencontrer les diff\u00e9rents groupes de travail de la transition<\/span><\/span><\/li>\n<li>\n<p style=\"margin-bottom: 0cm;\" align=\"LEFT\"><span style=\"font-family: TimesNewRomanPSMT,serif;\"><span style=\"font-size: medium;\">attirer d&rsquo;autres personnes<\/span><\/span><\/p>\n<\/li>\n<li>\n<p style=\"margin-bottom: 0cm;\" align=\"LEFT\"><span style=\"font-family: TimesNewRomanPSMT,serif;\"><span style=\"font-size: medium;\">se faire plaisir<\/span><\/span><\/p>\n<\/li>\n<li>\n<p style=\"margin-bottom: 0cm;\" align=\"LEFT\"><span style=\"font-family: TimesNewRomanPSMT,serif;\"><span style=\"font-size: medium;\">avoir une \u00ab\u00a0culture\u00a0\u00bb commune<\/span><\/span><\/p>\n<\/li>\n<\/ul>\n<p style=\"margin-bottom: 0cm;\" align=\"LEFT\">\u00a0<span style=\"font-family: TimesNewRomanPSMT,serif;\"><span style=\"font-size: medium;\">LIEU : pour le moment plut\u00f4t la salle F Dolto (A.M.A.P) au Prieur\u00e9 en cas de pluie et la cour derri\u00e8re le Prieur\u00e9 si ensoleill\u00e9. A confirmer<\/span><\/span><\/p>\n<p>&nbsp;<\/p>\n<p style=\"margin-bottom: 0cm;\" align=\"LEFT\"><span style=\"font-family: TimesNewRomanPSMT,serif;\"><span style=\"font-size: medium;\"> <span style=\"color: #ff0000;\"><i>changement depuis la r\u00e9union\u00a0: proposition de la petite salle des f\u00eates<\/i><\/span><\/span><\/span><\/p>\n<p>&nbsp;<\/p>\n<p style=\"margin-bottom: 0cm;\" align=\"LEFT\"><span style=\"font-family: TimesNewRomanPSMT,serif;\"><span style=\"font-size: medium;\"> COMMUNICATION: presse, internet, collectif AMAP, un fly et quelques affiches seront d\u00e9pos\u00e9s dans quelques commerces et au march\u00e9 et surtout le bouche \u00e0 oreille\u00a0!!!<\/span><\/span><\/p>\n<p>\u00a0 <\/p>\n<p style=\"margin-bottom: 0cm;\" align=\"LEFT\"><span style=\"font-family: TimesNewRomanPSMT,serif;\"><span style=\"font-size: medium;\"> DEROULEMENT\u00a0:<\/span><\/span><\/p>\n<p>&nbsp;<\/p>\n<p style=\"margin-bottom: 0cm;\" align=\"LEFT\"><span style=\"font-family: TimesNewRomanPSMT,serif;\"><span style=\"font-size: medium;\"> &#8211; 15h30 ACCUEIL et INTRO avec le diaporama du 10,11,12<\/span><\/span><\/p>\n<p>&nbsp;<\/p>\n<p style=\"margin-bottom: 0cm;\" align=\"LEFT\"><span style=\"font-family: TimesNewRomanPSMT,serif;\"><span style=\"font-size: medium;\"> &#8211; 16h PRESENTATIONS\u00a0:<\/span><\/span><\/p>\n<p>&nbsp;<\/p>\n<ul>\n<li>\n<p style=\"margin-bottom: 0cm;\" align=\"LEFT\"><span style=\"font-family: TimesNewRomanPSMT,serif;\"><span style=\"font-size: medium;\">des participants en crois\u00e9e et en trio <\/span><\/span><\/p>\n<\/li>\n<li>\n<p style=\"margin-bottom: 0cm;\" align=\"LEFT\"><span style=\"font-family: TimesNewRomanPSMT,serif;\"><span style=\"font-size: medium;\">du collectif transition<\/span><\/span><\/p>\n<\/li>\n<\/ul>\n<p>&nbsp;<\/p>\n<p style=\"margin-bottom: 0cm;\" align=\"LEFT\"><span style=\"font-family: TimesNewRomanPSMT,serif;\"><span style=\"font-size: medium;\"> &#8211; 17h00 DIFFUSION du film Transition 2.0<\/span><\/span><\/p>\n<p>&nbsp;<\/p>\n<p style=\"margin-bottom: 0cm;\" align=\"LEFT\"><span style=\"font-family: TimesNewRomanPSMT,serif;\"><span style=\"font-size: medium;\"> &#8211; 18h30 APERO\/ FRESQUE \u00ab\u00a0 DESSINONS l&rsquo;avenir que nous DESIRONS\u00a0\u00bb<\/span><\/span><\/p>\n<p>&nbsp;<\/p>\n<p style=\"margin-bottom: 0cm;\" align=\"LEFT\"><span style=\"font-family: TimesNewRomanPSMT,serif;\"><span style=\"font-size: medium;\"> &#8211; 19h30\/20h REPAS et PARTAGE sur la vie des diff\u00e9rents groupes<\/span><\/span><\/p>\n<p>&nbsp;<\/p>\n<p style=\"margin-bottom: 0cm;\" align=\"LEFT\"><span style=\"font-family: TimesNewRomanPSMT,serif;\"><span style=\"font-size: medium;\"> Si le temps le permet possibilit\u00e9 de d\u00e9couvrir marmite norv\u00e9gienne, four solaire, cuiseur \u00e0 bois<\/span><\/span><\/p>\n<p style=\"margin-bottom: 0cm;\" align=\"LEFT\">\u00a0<\/p>\n<p>&nbsp;<\/p>\n<p style=\"margin-bottom: 0cm;\" align=\"LEFT\"><span style=\"font-family: TimesNewRomanPSMT,serif;\"><span style=\"font-size: medium;\"> MATERIEL\u00a0:<\/span><\/span><\/p>\n<p>&nbsp;<\/p>\n<ul>\n<ul>\n<li>\n<p style=\"margin-bottom: 0cm;\" align=\"LEFT\"><span style=\"font-family: TimesNewRomanPSMT,serif;\"><span style=\"font-size: medium;\">nappes\/crayons pour la fresque et de quoi accrocher les dessins<\/span><\/span><\/p>\n<\/li>\n<li>\n<p style=\"margin-bottom: 0cm;\" align=\"LEFT\"><span style=\"font-family: TimesNewRomanPSMT,serif;\"><span style=\"font-size: medium;\">une bouteille de blanc chacun pour le kir de l&rsquo;ap\u00e9ro ou jus de fruit pour le pot d&rsquo;accueil ainsi que grignotage sucr\u00e9\/sal\u00e9 pour ces 2 temps (il est demand\u00e9 aux participants d&rsquo;apporter un plat et une boisson \u00e0 partager pour le repas)<\/span><\/span><\/p>\n<\/li>\n<li>\n<p style=\"margin-bottom: 0cm;\" align=\"LEFT\"><span style=\"font-family: TimesNewRomanPSMT,serif;\"><span style=\"font-size: medium;\">mat\u00e9riel de d\u00e9monstration (cuiseur \u00e0 bois&#8230;) \u00e0 r\u00e9cup\u00e9rer chez Michel Mouill\u00e9<\/span><\/span><\/p>\n<\/li>\n<li>\n<p style=\"margin-bottom: 0cm;\" align=\"LEFT\"><span style=\"font-family: TimesNewRomanPSMT,serif;\"><span style=\"font-size: medium;\">r\u00e9troprojecteur pour diaporama et projection du film<\/span><\/span><\/p>\n<\/li>\n<\/ul>\n<\/ul>\n<p>&nbsp;<\/p>\n<p style=\"margin-bottom: 0cm;\" align=\"LEFT\">\u00a0<\/p>\n<p style=\"margin-bottom: 0cm;\" align=\"LEFT\">\u00a04. <span style=\"font-family: TimesNewRomanPSMT,serif;\"><span style=\"font-size: medium;\"><b>Bilan des diff\u00e9rents groupes.<\/b><\/span><\/span><\/p>\n<p style=\"margin-bottom: 0cm;\" align=\"LEFT\"><span style=\"font-family: TimesNewRomanPSMT,serif;\"><span style=\"font-size: medium;\"><i><b>Jardin partag\u00e9.<\/b><\/i><\/span><\/span><span style=\"font-family: TimesNewRomanPSMT,serif;\"><span style=\"font-size: medium;\"> Prochain rendez- vous le vendredi 17 Mai \u00e0 17h pour planter les tomates. Prochaine r\u00e9union le 21 Mai chez Virginie Guittet pour faire le point sur le fonctionnement et les statuts de la nouvelle association<\/span><\/span><\/p>\n<p>\u00a0 <\/p>\n<p style=\"margin-bottom: 0cm;\" align=\"LEFT\"><span style=\"font-family: TimesNewRomanPSMT,serif;\"><span style=\"font-size: medium;\"> <i><b>D\u00e9placement <\/b><\/i><b>:<\/b> Peu de commande pour les gilets jaunes . 25 commandes pour le moment. Le prix sera donc de 6,84\u20ac par gilet. La commande est repouss\u00e9e.<\/span><\/span><\/p>\n<p>&nbsp;<\/p>\n<p style=\"margin-bottom: 0cm;\" align=\"LEFT\"><span style=\"font-family: TimesNewRomanPSMT,serif;\"><span style=\"font-size: medium;\"> <i><b>Lieu\/Vie culturelle<\/b><\/i><b> : <\/b>Le prochain rendez-vous est \u00e0 la suite du jardin le vendredi 17 Mai \u00e0 partir de 19h chez Aur\u00e9lie. Des courts m\u00e9trages et des d\u00e9bats sur le th\u00e8me de la \u00ab\u00a0Tomate\u00a0\u00bb<\/span><\/span><\/p>\n<p>\u00a0 <\/p>\n<p style=\"margin-bottom: 0cm;\" align=\"LEFT\"><span style=\"font-family: TimesNewRomanPSMT,serif;\"><span style=\"font-size: medium;\"> <i><b>Distribution\/Alimentation : <\/b><\/i><span style=\"font-style: normal;\">R\u00e9union d&rsquo;information le 30 mai<\/span><\/span><\/span><\/p>\n<p>\u00a0 <\/p>\n<p style=\"margin-bottom: 0cm;\" align=\"LEFT\"><span style=\"font-family: TimesNewRomanPSMT,serif;\"><span style=\"font-size: medium;\"><span style=\"font-style: normal;\"><b> 5. Id\u00e9e \u00e0 retenir\u00a0:<\/b><\/span><i><b> <\/b><\/i><span style=\"font-style: normal;\"><span style=\"font-weight: normal;\">souhait d&rsquo;organiser un festival de la Transition avec Roussay. \u00c9v\u00e9nement \u00e0 organiser un an \u00e0 l&rsquo;avance et qui pourrait associer d&rsquo;autres collectifs ou associations ( SEL, AMAP&#8230;)<\/span><\/span><\/span><\/span><\/p>\n<p>&nbsp;<\/p>\n<p>&nbsp;<\/p>\n<p style=\"margin-bottom: 0cm;\" align=\"CENTER\"><span style=\"font-family: TimesNewRomanPS-BoldMT;\"><span style=\"font-size: large;\"><b>Prochaine r\u00e9union : Lundi 27 mai 20h30 <\/b><\/span><\/span><\/p>\n<p>&nbsp;<\/p>\n","protected":false},"excerpt":{"rendered":"<p>&nbsp; S\u00e9ance de cin\u00e9ma \u00ab Tous cobayes \u00bb. Annul\u00e9e . La Biocoop Cholet s&rsquo;est retir\u00e9 du projet et ni le groupe St Andr\u00e9 St Macaire en Transition, ni Roussay en Transition ne peut soutenir la totalit\u00e9 du budget. \u00a0 Rencontre des deux groupes Transition Roussay et St Andr\u00e9-St Macaire. Proposition de Roussay pour un dimanche <a class=\"more-link\" href=\"https:\/\/stmacairestandre.entransition.fr\/?p=1354\">Lire plus &#8230;<\/a><\/p>\n","protected":false},"author":2,"featured_media":0,"comment_status":"open","ping_status":"open","sticky":false,"template":"","format":"standard","meta":{"footnotes":""},"categories":[15],"tags":[],"class_list":["post-1354","post","type-post","status-publish","format-standard","hentry","category-comite-de-liaison"],"_links":{"self":[{"href":"https:\/\/stmacairestandre.entransition.fr\/index.php?rest_route=\/wp\/v2\/posts\/1354","targetHints":{"allow":["GET"]}}],"collection":[{"href":"https:\/\/stmacairestandre.entransition.fr\/index.php?rest_route=\/wp\/v2\/posts"}],"about":[{"href":"https:\/\/stmacairestandre.entransition.fr\/index.php?rest_route=\/wp\/v2\/types\/post"}],"author":[{"embeddable":true,"href":"https:\/\/stmacairestandre.entransition.fr\/index.php?rest_route=\/wp\/v2\/users\/2"}],"replies":[{"embeddable":true,"href":"https:\/\/stmacairestandre.entransition.fr\/index.php?rest_route=%2Fwp%2Fv2%2Fcomments&post=1354"}],"version-history":[{"count":3,"href":"https:\/\/stmacairestandre.entransition.fr\/index.php?rest_route=\/wp\/v2\/posts\/1354\/revisions"}],"predecessor-version":[{"id":1357,"href":"https:\/\/stmacairestandre.entransition.fr\/index.php?rest_route=\/wp\/v2\/posts\/1354\/revisions\/1357"}],"wp:attachment":[{"href":"https:\/\/stmacairestandre.entransition.fr\/index.php?rest_route=%2Fwp%2Fv2%2Fmedia&parent=1354"}],"wp:term":[{"taxonomy":"category","embeddable":true,"href":"https:\/\/stmacairestandre.entransition.fr\/index.php?rest_route=%2Fwp%2Fv2%2Fcategories&post=1354"},{"taxonomy":"post_tag","embeddable":true,"href":"https:\/\/stmacairestandre.entransition.fr\/index.php?rest_route=%2Fwp%2Fv2%2Ftags&post=1354"}],"curies":[{"name":"wp","href":"https:\/\/api.w.org\/{rel}","templated":true}]}}