{"id":1393,"date":"2014-04-29T09:44:59","date_gmt":"2014-04-29T08:44:59","guid":{"rendered":"https:\/\/stmacairestandre.entransition.fr\/?p=1393"},"modified":"2014-04-29T09:44:59","modified_gmt":"2014-04-29T08:44:59","slug":"cr-comite-de-liaison-du-10032014","status":"publish","type":"post","link":"https:\/\/stmacairestandre.entransition.fr\/?p=1393","title":{"rendered":"CR comit\u00e9 de liaison du 10\/03\/2014"},"content":{"rendered":"<p>Le comit\u00e9 de liaison s&rsquo;est r\u00e9uni le 10 mars 2014.<\/p>\n<p><span style=\"text-decoration: underline;\"><strong>1\u00b0) Tour des groupes et des projets :<\/strong><\/span><\/p>\n<p>&#8211; r\u00e9union pr\u00e9pa Troc aux plantes le 17\/03 (organisateur : Centre Social Indigo)<\/p>\n<p>&#8211; magasin en attente validation des statuts par expert comptable<\/p>\n<p>&#8211; rencontre avec Emile BEUCHET de Terre de Liens le 3\/04<\/p>\n<p>&#8211; id\u00e9e d&rsquo;une biblioth\u00e8que virtuelle en ligne pour le groupe transition (chacun l&rsquo;alimenterait avec les ouvrages de son choix &#8211; pr\u00eats gratuits)<\/p>\n<p><span style=\"text-decoration: underline;\"><strong>2\u00b0) Pr\u00e9paration de la 1\u00e8re rencontre de pr\u00e9paration locale des Journ\u00e9es pour une Transition Citoyenne<\/strong><\/span><\/p>\n<p>Dans la continuit\u00e9 de la charte nationale pour une Transition Citoyenne et de la pr\u00e9paration cette ann\u00e9e de Journ\u00e9es de la Transition Citoyenne, notre groupe provoque une rencontre avec les initiatives locales allant vers plus de local, plus de lien social, plus de respect de l&rsquo;environnement, consommer autrement&#8230; (AMAP des 2 \u00e9tangs, Moine et SEL, Ouvrons les yeux, Ferme de la Corbi\u00e8re, Terre de Liens, Maison du Mineur et des Energies) L&rsquo;objectif de ces Journ\u00e9es est \u00e0 la fois de mieux se conna\u00eetre et de mieux se faire conna\u00eetre.<\/p>\n<p>Il n&rsquo;y a eu aucun retour suite au 1er mail, nous allons renvoyer un 2nd message demandant \u00e0 confirmer leur pr\u00e9sence.<\/p>\n<p>Nous avons pr\u00e9par\u00e9 ensuite le d\u00e9roulement de cette premi\u00e8re rencontre.<\/p>\n<p><span style=\"text-decoration: underline;\"><strong>3\u00b0) Assembl\u00e9e G\u00e9n\u00e9rale de St Macaire &#8211; St Andr\u00e9 en Transition<\/strong><\/span><\/p>\n<p>La date sera \u00e0 poser en juin. Nous devons v\u00e9rifier les autres \u00e9v\u00e8nements publics et scolaires. Nous voulons ce moment non formel et festif.<\/p>\n<p>&nbsp;<\/p>\n<p>Prochaine rencontre : le 10\/04\/2013 \u00e0 20h30<\/p>\n","protected":false},"excerpt":{"rendered":"<p>Le comit\u00e9 de liaison s&rsquo;est r\u00e9uni le 10 mars 2014. 1\u00b0) Tour des groupes et des projets : &#8211; r\u00e9union pr\u00e9pa Troc aux plantes le 17\/03 (organisateur : Centre Social Indigo) &#8211; magasin en attente validation des statuts par expert comptable &#8211; rencontre avec Emile BEUCHET de Terre de Liens le 3\/04 &#8211; id\u00e9e d&rsquo;une <a class=\"more-link\" href=\"https:\/\/stmacairestandre.entransition.fr\/?p=1393\">Lire plus &#8230;<\/a><\/p>\n","protected":false},"author":2,"featured_media":0,"comment_status":"closed","ping_status":"open","sticky":false,"template":"","format":"standard","meta":{"footnotes":""},"categories":[1],"tags":[],"class_list":["post-1393","post","type-post","status-publish","format-standard","hentry","category-non-classe"],"_links":{"self":[{"href":"https:\/\/stmacairestandre.entransition.fr\/index.php?rest_route=\/wp\/v2\/posts\/1393","targetHints":{"allow":["GET"]}}],"collection":[{"href":"https:\/\/stmacairestandre.entransition.fr\/index.php?rest_route=\/wp\/v2\/posts"}],"about":[{"href":"https:\/\/stmacairestandre.entransition.fr\/index.php?rest_route=\/wp\/v2\/types\/post"}],"author":[{"embeddable":true,"href":"https:\/\/stmacairestandre.entransition.fr\/index.php?rest_route=\/wp\/v2\/users\/2"}],"replies":[{"embeddable":true,"href":"https:\/\/stmacairestandre.entransition.fr\/index.php?rest_route=%2Fwp%2Fv2%2Fcomments&post=1393"}],"version-history":[{"count":1,"href":"https:\/\/stmacairestandre.entransition.fr\/index.php?rest_route=\/wp\/v2\/posts\/1393\/revisions"}],"predecessor-version":[{"id":1394,"href":"https:\/\/stmacairestandre.entransition.fr\/index.php?rest_route=\/wp\/v2\/posts\/1393\/revisions\/1394"}],"wp:attachment":[{"href":"https:\/\/stmacairestandre.entransition.fr\/index.php?rest_route=%2Fwp%2Fv2%2Fmedia&parent=1393"}],"wp:term":[{"taxonomy":"category","embeddable":true,"href":"https:\/\/stmacairestandre.entransition.fr\/index.php?rest_route=%2Fwp%2Fv2%2Fcategories&post=1393"},{"taxonomy":"post_tag","embeddable":true,"href":"https:\/\/stmacairestandre.entransition.fr\/index.php?rest_route=%2Fwp%2Fv2%2Ftags&post=1393"}],"curies":[{"name":"wp","href":"https:\/\/api.w.org\/{rel}","templated":true}]}}