{"id":883,"date":"2011-10-06T18:55:15","date_gmt":"2011-10-06T18:55:15","guid":{"rendered":"https:\/\/stmacairestandre.entransition.fr\/?p=883"},"modified":"2011-11-06T13:49:36","modified_gmt":"2011-11-06T12:49:36","slug":"22092011-comite-de-pilotage","status":"publish","type":"post","link":"https:\/\/stmacairestandre.entransition.fr\/?p=883","title":{"rendered":"22\/09\/2011 Comit\u00e9 de pilotage"},"content":{"rendered":"<p style=\"text-align: justify;\">Le comit\u00e9 de pilotage s\u2019est r\u00e9uni le 22\/09\/2011.<\/p>\n<p style=\"text-align: justify;\">&#8211; bilan du pique-nique citoyen : globalement positif, les deux animations ont bien fonctionn\u00e9 (bonne participation des gens, convivialit\u00e9), le support de pr\u00e9sentation est \u00e0 compl\u00e9ter par des explications.<br \/>\n&#8211; points \u00e0 travailler aux prochaines rencontres : plaquette de communication (valeurs, objectifs, notion cl\u00e9s, exemples d&rsquo;actions concr\u00e8tes&#8230;) ; r\u00e9tro-planning jusqu&rsquo;au grand lancement, comp\u00e9tences et savoirs-faire \u00e0 trouver ou \u00e0 acqu\u00e9rir&#8230;<\/p>\n","protected":false},"excerpt":{"rendered":"<p>Le comit\u00e9 de pilotage s\u2019est r\u00e9uni le 22\/09\/2011. &#8211; bilan du pique-nique citoyen : globalement positif, les deux animations ont bien fonctionn\u00e9 (bonne participation des gens, convivialit\u00e9), le support de pr\u00e9sentation est \u00e0 compl\u00e9ter par des explications. &#8211; points \u00e0 travailler aux prochaines rencontres : plaquette de communication (valeurs, objectifs, notion cl\u00e9s, exemples d&rsquo;actions concr\u00e8tes&#8230;) <a class=\"more-link\" href=\"https:\/\/stmacairestandre.entransition.fr\/?p=883\">Lire plus &#8230;<\/a><\/p>\n","protected":false},"author":2,"featured_media":0,"comment_status":"open","ping_status":"open","sticky":false,"template":"","format":"standard","meta":{"footnotes":""},"categories":[15],"tags":[],"class_list":["post-883","post","type-post","status-publish","format-standard","hentry","category-comite-de-liaison"],"_links":{"self":[{"href":"https:\/\/stmacairestandre.entransition.fr\/index.php?rest_route=\/wp\/v2\/posts\/883","targetHints":{"allow":["GET"]}}],"collection":[{"href":"https:\/\/stmacairestandre.entransition.fr\/index.php?rest_route=\/wp\/v2\/posts"}],"about":[{"href":"https:\/\/stmacairestandre.entransition.fr\/index.php?rest_route=\/wp\/v2\/types\/post"}],"author":[{"embeddable":true,"href":"https:\/\/stmacairestandre.entransition.fr\/index.php?rest_route=\/wp\/v2\/users\/2"}],"replies":[{"embeddable":true,"href":"https:\/\/stmacairestandre.entransition.fr\/index.php?rest_route=%2Fwp%2Fv2%2Fcomments&post=883"}],"version-history":[{"count":3,"href":"https:\/\/stmacairestandre.entransition.fr\/index.php?rest_route=\/wp\/v2\/posts\/883\/revisions"}],"predecessor-version":[{"id":885,"href":"https:\/\/stmacairestandre.entransition.fr\/index.php?rest_route=\/wp\/v2\/posts\/883\/revisions\/885"}],"wp:attachment":[{"href":"https:\/\/stmacairestandre.entransition.fr\/index.php?rest_route=%2Fwp%2Fv2%2Fmedia&parent=883"}],"wp:term":[{"taxonomy":"category","embeddable":true,"href":"https:\/\/stmacairestandre.entransition.fr\/index.php?rest_route=%2Fwp%2Fv2%2Fcategories&post=883"},{"taxonomy":"post_tag","embeddable":true,"href":"https:\/\/stmacairestandre.entransition.fr\/index.php?rest_route=%2Fwp%2Fv2%2Ftags&post=883"}],"curies":[{"name":"wp","href":"https:\/\/api.w.org\/{rel}","templated":true}]}}